{"id":739,"date":"2021-09-10T10:34:05","date_gmt":"2021-09-10T13:34:05","guid":{"rendered":"https:\/\/www.unisinos.br\/seedinglab\/?p=739"},"modified":"2021-09-02T10:33:59","modified_gmt":"2021-09-02T13:33:59","slug":"conheca-o-grupo-convidado-para-a-jornada-de-estudos-avancados-em-design-estrategico-5a-edicao","status":"publish","type":"post","link":"https:\/\/www.unisinos.br\/seedinglab\/conheca-o-grupo-convidado-para-a-jornada-de-estudos-avancados-em-design-estrategico-5a-edicao\/","title":{"rendered":"Conhe\u00e7a o grupo convidado para a Jornada de Estudos Avan\u00e7ados em Design Estrat\u00e9gico &#8211; 5\u00aa edi\u00e7\u00e3o."},"content":{"rendered":"<p style=\"text-align: justify;\"><img loading=\"lazy\" decoding=\"async\" class=\"alignleft size-full wp-image-740\" src=\"https:\/\/www.unisinos.br\/seedinglab\/wp-content\/uploads\/2021\/08\/convidado.jpg\" alt=\"convidado\" width=\"294\" height=\"296\" srcset=\"https:\/\/www.unisinos.br\/seedinglab\/wp-content\/uploads\/2021\/08\/convidado.jpg 294w, https:\/\/www.unisinos.br\/seedinglab\/wp-content\/uploads\/2021\/08\/convidado-150x150.jpg 150w, https:\/\/www.unisinos.br\/seedinglab\/wp-content\/uploads\/2021\/08\/convidado-90x90.jpg 90w\" sizes=\"auto, (max-width: 294px) 100vw, 294px\" \/>Criado em 2018, o Grupo de Estudos Discursivos em Arte e Design UFPR \u00e9 direcionado \u00e0 investiga\u00e7\u00e3o e \u00e0 discuss\u00e3o, com \u00eanfase na reflex\u00e3o filos\u00f3fica e cr\u00edtica, dos processos de produ\u00e7\u00e3o, circula\u00e7\u00e3o e recep\u00e7\u00e3o de sentidos e valores que circunscrevem a visualidade contempor\u00e2nea no \u00e2mbito das artes visuais e do design. A no\u00e7\u00e3o de \u201cdiscurso\u201d \u00e9 aqui adotada de maneira abrangente (ora como hip\u00f3tese de trabalho, delimita\u00e7\u00e3o tem\u00e1tica ou objeto de estudo) com o intuito de abarcar a diversidade de abordagens poss\u00edveis, autores e correntes hermen\u00eauticas. O grupo abarca tr\u00eas pesquisas em desenvolvimento [saiba mais], est\u00e1 vinculado ao Programa de P\u00f3s-Gradua\u00e7\u00e3o em Design da UFPR e promove atividades ligadas aos cursos de Artes Visuais e Design da UFPR. Coordena\u00e7\u00e3o: Marcos Beccari &amp; Felipe Prando.<\/p>\n","protected":false},"excerpt":{"rendered":"<p>Criado em 2018, o Grupo de Estudos Discursivos em Arte e Design UFPR \u00e9 direcionado \u00e0 investiga\u00e7\u00e3o e \u00e0 discuss\u00e3o, com \u00eanfase na reflex\u00e3o filos\u00f3fica e cr\u00edtica, dos processos de produ\u00e7\u00e3o, circula\u00e7\u00e3o e recep\u00e7\u00e3o de sentidos e valores que circunscrevem a visualidade contempor\u00e2nea no \u00e2mbito das artes visuais e do design. A no\u00e7\u00e3o de \u201cdiscurso\u201d &hellip; <a href=\"https:\/\/www.unisinos.br\/seedinglab\/conheca-o-grupo-convidado-para-a-jornada-de-estudos-avancados-em-design-estrategico-5a-edicao\/\" class=\"more-link\">Continue lendo <span class=\"screen-reader-text\">Conhe\u00e7a o grupo convidado para a Jornada de Estudos Avan\u00e7ados em Design Estrat\u00e9gico &#8211; 5\u00aa edi\u00e7\u00e3o.<\/span><\/a><\/p>\n","protected":false},"author":12,"featured_media":0,"comment_status":"open","ping_status":"open","sticky":false,"template":"","format":"standard","meta":{"footnotes":""},"categories":[1],"tags":[],"class_list":["post-739","post","type-post","status-publish","format-standard","hentry","category-sem-categoria","without-featured-image"],"jetpack_featured_media_url":"","_links":{"self":[{"href":"https:\/\/www.unisinos.br\/seedinglab\/wp-json\/wp\/v2\/posts\/739","targetHints":{"allow":["GET"]}}],"collection":[{"href":"https:\/\/www.unisinos.br\/seedinglab\/wp-json\/wp\/v2\/posts"}],"about":[{"href":"https:\/\/www.unisinos.br\/seedinglab\/wp-json\/wp\/v2\/types\/post"}],"author":[{"embeddable":true,"href":"https:\/\/www.unisinos.br\/seedinglab\/wp-json\/wp\/v2\/users\/12"}],"replies":[{"embeddable":true,"href":"https:\/\/www.unisinos.br\/seedinglab\/wp-json\/wp\/v2\/comments?post=739"}],"version-history":[{"count":1,"href":"https:\/\/www.unisinos.br\/seedinglab\/wp-json\/wp\/v2\/posts\/739\/revisions"}],"predecessor-version":[{"id":741,"href":"https:\/\/www.unisinos.br\/seedinglab\/wp-json\/wp\/v2\/posts\/739\/revisions\/741"}],"wp:attachment":[{"href":"https:\/\/www.unisinos.br\/seedinglab\/wp-json\/wp\/v2\/media?parent=739"}],"wp:term":[{"taxonomy":"category","embeddable":true,"href":"https:\/\/www.unisinos.br\/seedinglab\/wp-json\/wp\/v2\/categories?post=739"},{"taxonomy":"post_tag","embeddable":true,"href":"https:\/\/www.unisinos.br\/seedinglab\/wp-json\/wp\/v2\/tags?post=739"}],"curies":[{"name":"wp","href":"https:\/\/api.w.org\/{rel}","templated":true}]}}