{"id":729,"date":"2021-09-16T10:00:48","date_gmt":"2021-09-16T13:00:48","guid":{"rendered":"https:\/\/www.unisinos.br\/seedinglab\/?p=729"},"modified":"2021-09-16T09:41:28","modified_gmt":"2021-09-16T12:41:28","slug":"o-grupo-praticas-experimentais-tambem-fara-parte-da-jornada-de-estudos-avancados-em-design-estrategico-5a-edicao-saiba-mais","status":"publish","type":"post","link":"https:\/\/www.unisinos.br\/seedinglab\/o-grupo-praticas-experimentais-tambem-fara-parte-da-jornada-de-estudos-avancados-em-design-estrategico-5a-edicao-saiba-mais\/","title":{"rendered":"O Grupo Pr\u00e1ticas Experimentais tamb\u00e9m far\u00e1 parte da Jornada de Estudos Avan\u00e7ados em Design Estrat\u00e9gico &#8211; 5\u00aa Edi\u00e7\u00e3o. Saiba mais!"},"content":{"rendered":"<p style=\"text-align: justify;\"><img loading=\"lazy\" decoding=\"async\" class=\"alignleft size-full wp-image-730\" src=\"https:\/\/www.unisinos.br\/seedinglab\/wp-content\/uploads\/2021\/08\/P\u00b4raticas.jpg\" alt=\"praticas\" width=\"296\" height=\"299\" srcset=\"https:\/\/www.unisinos.br\/seedinglab\/wp-content\/uploads\/2021\/08\/P\u00b4raticas.jpg 296w, https:\/\/www.unisinos.br\/seedinglab\/wp-content\/uploads\/2021\/08\/P\u00b4raticas-90x90.jpg 90w\" sizes=\"auto, (max-width: 296px) 100vw, 296px\" \/>O Grupo de Pr\u00e1ticas Experimentais tem seu alicerce no jeito experimental de lidar com as pr\u00e1ticas. Por pr\u00e1ticas, estamos nos referindo \u00e0 cria\u00e7\u00e3o de um espa\u00e7o para se pensar junto ao que se est\u00e1 fazendo, privilegiando as idiossincrasias dos projetos. Entender pr\u00e1ticas neste \u00e2mbito demanda ao grupo refletir sobre como fazemos design, identificando o que emerge dos nossos fazeres e lan\u00e7ando-nos a experimenta\u00e7\u00e3o de outros modos de fazer, perturbando vis\u00f5es homog\u00eaneas de como a \u00e1rea do Design vem conduzindo suas pr\u00e1ticas e quem estas colocam no centro, promovendo a desestabiliza\u00e7\u00e3o de uma postura metodol\u00f3gica que se pretende neutra a determina\u00e7\u00e3o de ator privilegiando os humanos. Afastando-nos desta pretensa neutralidade e privil\u00e9gio assim\u00e9trico, emerge a experimenta\u00e7\u00e3o como o gosto por um improviso situado e o esfor\u00e7o de reinven\u00e7\u00e3o incessante, como que em um processo intermin\u00e1vel que jamais chega ao que deveria ser.<\/p>\n<p>Estes aspectos das pr\u00e1ticas referidas (improviso, perturba\u00e7\u00e3o, valorizar o outro) demandando dos pesquisadores do grupo uma outra postura metodol\u00f3gica pautada por uma estrat\u00e9gia provisional, em que aquilo que a situa\u00e7\u00e3o tem a revelar e os rastros poss\u00edveis de seguir do que \u00e9 revelado impulsionam desdobramentos alternativos, incertos e desprendidos de refer\u00eancias anteriores, inviabilizando uma constitui\u00e7\u00e3o aprior\u00edstica da a\u00e7\u00e3o a ser tomada.<\/p>\n<p>Por fim, o grupo toma forma na realiza\u00e7\u00e3o de projetos explorat\u00f3rios interessados em levar as discuss\u00f5es para al\u00e9m da academia, explorando os efeitos que interferem na realidade a partir de exerc\u00edcios experimentais e especulativos tencionados pelo interesse ao incomum, o inst\u00e1vel, ruidoso, prec\u00e1rio, o outro, o que est\u00e1 posto as margens, o negligenciado, aquilo que \u00e9 entendido como erro e a insustentabilidade expressa pelas crise, dando espa\u00e7o para as pr\u00e1ticas sejam experimentais de fato.<\/p>\n","protected":false},"excerpt":{"rendered":"<p>O Grupo de Pr\u00e1ticas Experimentais tem seu alicerce no jeito experimental de lidar com as pr\u00e1ticas. Por pr\u00e1ticas, estamos nos referindo \u00e0 cria\u00e7\u00e3o de um espa\u00e7o para se pensar junto ao que se est\u00e1 fazendo, privilegiando as idiossincrasias dos projetos. Entender pr\u00e1ticas neste \u00e2mbito demanda ao grupo refletir sobre como fazemos design, identificando o que &hellip; <a href=\"https:\/\/www.unisinos.br\/seedinglab\/o-grupo-praticas-experimentais-tambem-fara-parte-da-jornada-de-estudos-avancados-em-design-estrategico-5a-edicao-saiba-mais\/\" class=\"more-link\">Continue lendo <span class=\"screen-reader-text\">O Grupo Pr\u00e1ticas Experimentais tamb\u00e9m far\u00e1 parte da Jornada de Estudos Avan\u00e7ados em Design Estrat\u00e9gico &#8211; 5\u00aa Edi\u00e7\u00e3o. Saiba mais!<\/span><\/a><\/p>\n","protected":false},"author":12,"featured_media":0,"comment_status":"open","ping_status":"open","sticky":false,"template":"","format":"standard","meta":{"footnotes":""},"categories":[1],"tags":[],"class_list":["post-729","post","type-post","status-publish","format-standard","hentry","category-sem-categoria","without-featured-image"],"jetpack_featured_media_url":"","_links":{"self":[{"href":"https:\/\/www.unisinos.br\/seedinglab\/wp-json\/wp\/v2\/posts\/729","targetHints":{"allow":["GET"]}}],"collection":[{"href":"https:\/\/www.unisinos.br\/seedinglab\/wp-json\/wp\/v2\/posts"}],"about":[{"href":"https:\/\/www.unisinos.br\/seedinglab\/wp-json\/wp\/v2\/types\/post"}],"author":[{"embeddable":true,"href":"https:\/\/www.unisinos.br\/seedinglab\/wp-json\/wp\/v2\/users\/12"}],"replies":[{"embeddable":true,"href":"https:\/\/www.unisinos.br\/seedinglab\/wp-json\/wp\/v2\/comments?post=729"}],"version-history":[{"count":2,"href":"https:\/\/www.unisinos.br\/seedinglab\/wp-json\/wp\/v2\/posts\/729\/revisions"}],"predecessor-version":[{"id":732,"href":"https:\/\/www.unisinos.br\/seedinglab\/wp-json\/wp\/v2\/posts\/729\/revisions\/732"}],"wp:attachment":[{"href":"https:\/\/www.unisinos.br\/seedinglab\/wp-json\/wp\/v2\/media?parent=729"}],"wp:term":[{"taxonomy":"category","embeddable":true,"href":"https:\/\/www.unisinos.br\/seedinglab\/wp-json\/wp\/v2\/categories?post=729"},{"taxonomy":"post_tag","embeddable":true,"href":"https:\/\/www.unisinos.br\/seedinglab\/wp-json\/wp\/v2\/tags?post=729"}],"curies":[{"name":"wp","href":"https:\/\/api.w.org\/{rel}","templated":true}]}}